{"id":4258,"date":"2018-06-18T09:30:13","date_gmt":"2018-06-18T09:30:13","guid":{"rendered":"https:\/\/www.business-link.fr\/site\/?p=4258"},"modified":"2018-06-18T09:31:09","modified_gmt":"2018-06-18T09:31:09","slug":"gestion-fichier-clients","status":"publish","type":"post","link":"https:\/\/www.business-link.fr\/site\/gestion-fichier-clients\/","title":{"rendered":"Conf\u00e9rence Business-Link sur la bonne gestion du fichier clients"},"content":{"rendered":"<p style=\"text-align: center;\"><strong>Business Link<\/strong>, en partenariat avec la MEL,\u00a0organise le 5 juillet prochain une conf\u00e9rence petit-d\u00e9jeuner sur\u00a0<br \/>\n <strong>\u00ab Conf\u00e9rence sur la bonne gestion du fichier clients \u00bb<\/strong>\u00a0<br \/>\n anim\u00e9e par Olivier Jonckheere, g\u00e9rant de Business-Link.<\/p>\n<p style=\"text-align: center;\"><strong>Lors de cette rencontre, seront abord\u00e9s :<\/strong><br \/>\n \u2022 La collecte, l&rsquo;enrichissement, la location et l&rsquo;achat de donn\u00e9es email<br \/>\n \u2022 La segmentation, le scoring, le profiling des donn\u00e9es clients <br \/>\n \u2022 La d\u00e9finition des cibles pertinentes pour prospecter<br \/>\n \u2022 Les points cl\u00e9s : d\u00e9doublonnage, achat ou location, RGPD<\/p>\n<p style=\"text-align: center;\">Rendez-vous d\u00e8s 8h30 au <a href=\"https:\/\/www.google.fr\/maps\/place\/Business+Link\/@50.707875,3.170072,15z\/data=!4m5!3m4!1s0x0:0xe28e8ba72357f6d6!8m2!3d50.707875!4d3.170072\">59 rue de l&rsquo;Union \u00e0 Tourcoing.<\/a><\/p>\n<p style=\"text-align: center;\">Pour vous inscrire \u00e0 la conf\u00e9rence,\u00a0<a href=\"https:\/\/www.business-link.fr\/site\/formulaire\/blink-conference\/formulaireclient.php\">suivez ce lien<\/a><\/p>\n<p style=\"text-align: center;\"><img loading=\"lazy\" decoding=\"async\" src=\"http:\/\/www.business-link.fr\/site\/formulaire\/blink-conference\/Logo_MEL-invit.png\" alt=\"MEL\" width=\"90\" height=\"100\" \/><\/p>\n<div id=\"acces\">\u00a0<\/div>\n<p><strong>Plan d&rsquo;acc\u00e8s<\/strong><\/p>\n<p>Ruche de l&rsquo;Union &#8211; 59 avenue de l&rsquo;Union 59200 Tourcoing<\/p>\n<table width=\"100%\">\n<tbody>\n<tr>\n<td style=\"width: 50%; vertical-align: top;\"><img loading=\"lazy\" decoding=\"async\" class=\"alignnone wp-image-4215\" src=\"http:\/\/www.business-link.fr\/site\/site\/wp-content\/uploads\/2018\/05\/plan-acces-terrasse-ruche.png\" alt=\"parking ruche de l'union\" width=\"403\" height=\"300\" srcset=\"https:\/\/www.business-link.fr\/site\/wp-content\/uploads\/2018\/05\/plan-acces-terrasse-ruche.png 696w, https:\/\/www.business-link.fr\/site\/wp-content\/uploads\/2018\/05\/plan-acces-terrasse-ruche-300x223.png 300w, https:\/\/www.business-link.fr\/site\/wp-content\/uploads\/2018\/05\/plan-acces-terrasse-ruche-150x112.png 150w\" sizes=\"auto, (max-width: 403px) 100vw, 403px\" \/><\/td>\n<td style=\"width: 50%; vertical-align: top;\"><iframe loading=\"lazy\" style=\"border: 0;\" src=\"https:\/\/www.google.com\/maps\/embed?pb=!1m14!1m8!1m3!1d10106.60091018469!2d3.170072!3d50.707875!3m2!1i1024!2i768!4f13.1!3m3!1m2!1s0x0%3A0xe28e8ba72357f6d6!2sBusiness+Link!5e0!3m2!1sfr!2sfr!4v1527837812110\" width=\"300\" height=\"300\" frameborder=\"0\" allowfullscreen=\"allowfullscreen\"><\/iframe><\/td>\n<\/tr>\n<\/tbody>\n<\/table>\n","protected":false},"excerpt":{"rendered":"<p>Business Link, en partenariat avec la MEL,\u00a0organise le 5 juillet prochain une conf\u00e9rence petit-d\u00e9jeuner sur\u00a0 \u00ab Conf\u00e9rence sur la bonne gestion du fichier clients \u00bb\u00a0 anim\u00e9e par Olivier Jonckheere, g\u00e9rant de Business-Link. Lors de cette rencontre, seront abord\u00e9s : \u2022 La collecte, l&rsquo;enrichissement, la location et l&rsquo;achat de donn\u00e9es email \u2022 La segmentation, le scoring, [&hellip;]<\/p>\n","protected":false},"author":2,"featured_media":4191,"comment_status":"open","ping_status":"open","sticky":false,"template":"","format":"standard","meta":{"_acf_changed":false,"footnotes":""},"categories":[1],"tags":[],"class_list":["post-4258","post","type-post","status-publish","format-standard","has-post-thumbnail","hentry","category-non-classe"],"acf":[],"yoast_head":"<!-- This site is optimized with the Yoast SEO plugin v27.3 - https:\/\/yoast.com\/product\/yoast-seo-wordpress\/ -->\n<title>Conf\u00e9rence Business-Link sur la bonne gestion du fichier clients | Business Link<\/title>\n<meta name=\"description\" content=\"Business Link, en partenariat avec la MEL,\u00a0organise le 5 juillet prochain une conf\u00e9rence petit-d\u00e9jeuner sur\u00a0 \u00ab Conf\u00e9rence sur la bonne gestion du fichier\" \/>\n<meta name=\"robots\" content=\"index, follow, max-snippet:-1, max-image-preview:large, max-video-preview:-1\" \/>\n<link rel=\"canonical\" href=\"https:\/\/www.business-link.fr\/site\/gestion-fichier-clients\/\" \/>\n<meta property=\"og:locale\" content=\"fr_FR\" \/>\n<meta property=\"og:type\" content=\"article\" \/>\n<meta property=\"og:title\" content=\"Conf\u00e9rence Business-Link sur la bonne gestion du fichier clients | Business Link\" \/>\n<meta property=\"og:description\" content=\"Business Link, en partenariat avec la MEL,\u00a0organise le 5 juillet prochain une conf\u00e9rence petit-d\u00e9jeuner sur\u00a0 \u00ab Conf\u00e9rence sur la bonne gestion du fichier\" \/>\n<meta property=\"og:url\" content=\"https:\/\/www.business-link.fr\/site\/gestion-fichier-clients\/\" \/>\n<meta property=\"og:site_name\" content=\"Business Link\" \/>\n<meta property=\"article:publisher\" content=\"https:\/\/www.facebook.com\/Business.Link.marketingB2B\/\" \/>\n<meta property=\"article:published_time\" content=\"2018-06-18T09:30:13+00:00\" \/>\n<meta property=\"article:modified_time\" content=\"2018-06-18T09:31:09+00:00\" \/>\n<meta property=\"og:image\" content=\"https:\/\/www.business-link.fr\/site\/wp-content\/uploads\/2017\/11\/actu-conf-blink.png\" \/>\n\t<meta property=\"og:image:width\" content=\"300\" \/>\n\t<meta property=\"og:image:height\" content=\"225\" \/>\n\t<meta property=\"og:image:type\" content=\"image\/png\" \/>\n<meta name=\"author\" content=\"Katia Foery\" \/>\n<meta name=\"twitter:label1\" content=\"\u00c9crit par\" \/>\n\t<meta name=\"twitter:data1\" content=\"Katia Foery\" \/>\n\t<meta name=\"twitter:label2\" content=\"Dur\u00e9e de lecture estim\u00e9e\" \/>\n\t<meta name=\"twitter:data2\" content=\"1 minute\" \/>\n<script type=\"application\/ld+json\" class=\"yoast-schema-graph\">{\"@context\":\"https:\\\/\\\/schema.org\",\"@graph\":[{\"@type\":\"Article\",\"@id\":\"https:\\\/\\\/www.business-link.fr\\\/site\\\/gestion-fichier-clients\\\/#article\",\"isPartOf\":{\"@id\":\"https:\\\/\\\/www.business-link.fr\\\/site\\\/gestion-fichier-clients\\\/\"},\"author\":{\"name\":\"Katia Foery\",\"@id\":\"https:\\\/\\\/www.business-link.fr\\\/site\\\/#\\\/schema\\\/person\\\/350370888c383be31b312227e0e34af8\"},\"headline\":\"Conf\u00e9rence Business-Link sur la bonne gestion du fichier clients\",\"datePublished\":\"2018-06-18T09:30:13+00:00\",\"dateModified\":\"2018-06-18T09:31:09+00:00\",\"mainEntityOfPage\":{\"@id\":\"https:\\\/\\\/www.business-link.fr\\\/site\\\/gestion-fichier-clients\\\/\"},\"wordCount\":126,\"commentCount\":0,\"publisher\":{\"@id\":\"https:\\\/\\\/www.business-link.fr\\\/site\\\/#organization\"},\"image\":{\"@id\":\"https:\\\/\\\/www.business-link.fr\\\/site\\\/gestion-fichier-clients\\\/#primaryimage\"},\"thumbnailUrl\":\"https:\\\/\\\/www.business-link.fr\\\/site\\\/wp-content\\\/uploads\\\/2017\\\/11\\\/actu-conf-blink.png\",\"articleSection\":[\"Actualit\u00e9s\"],\"inLanguage\":\"fr-FR\",\"potentialAction\":[{\"@type\":\"CommentAction\",\"name\":\"Comment\",\"target\":[\"https:\\\/\\\/www.business-link.fr\\\/site\\\/gestion-fichier-clients\\\/#respond\"]}]},{\"@type\":\"WebPage\",\"@id\":\"https:\\\/\\\/www.business-link.fr\\\/site\\\/gestion-fichier-clients\\\/\",\"url\":\"https:\\\/\\\/www.business-link.fr\\\/site\\\/gestion-fichier-clients\\\/\",\"name\":\"Conf\u00e9rence Business-Link sur la bonne gestion du fichier clients | Business Link\",\"isPartOf\":{\"@id\":\"https:\\\/\\\/www.business-link.fr\\\/site\\\/#website\"},\"primaryImageOfPage\":{\"@id\":\"https:\\\/\\\/www.business-link.fr\\\/site\\\/gestion-fichier-clients\\\/#primaryimage\"},\"image\":{\"@id\":\"https:\\\/\\\/www.business-link.fr\\\/site\\\/gestion-fichier-clients\\\/#primaryimage\"},\"thumbnailUrl\":\"https:\\\/\\\/www.business-link.fr\\\/site\\\/wp-content\\\/uploads\\\/2017\\\/11\\\/actu-conf-blink.png\",\"datePublished\":\"2018-06-18T09:30:13+00:00\",\"dateModified\":\"2018-06-18T09:31:09+00:00\",\"description\":\"Business Link, en partenariat avec la MEL,\u00a0organise le 5 juillet prochain une conf\u00e9rence petit-d\u00e9jeuner sur\u00a0 \u00ab Conf\u00e9rence sur la bonne gestion du fichier\",\"breadcrumb\":{\"@id\":\"https:\\\/\\\/www.business-link.fr\\\/site\\\/gestion-fichier-clients\\\/#breadcrumb\"},\"inLanguage\":\"fr-FR\",\"potentialAction\":[{\"@type\":\"ReadAction\",\"target\":[\"https:\\\/\\\/www.business-link.fr\\\/site\\\/gestion-fichier-clients\\\/\"]}]},{\"@type\":\"ImageObject\",\"inLanguage\":\"fr-FR\",\"@id\":\"https:\\\/\\\/www.business-link.fr\\\/site\\\/gestion-fichier-clients\\\/#primaryimage\",\"url\":\"https:\\\/\\\/www.business-link.fr\\\/site\\\/wp-content\\\/uploads\\\/2017\\\/11\\\/actu-conf-blink.png\",\"contentUrl\":\"https:\\\/\\\/www.business-link.fr\\\/site\\\/wp-content\\\/uploads\\\/2017\\\/11\\\/actu-conf-blink.png\",\"width\":300,\"height\":225},{\"@type\":\"BreadcrumbList\",\"@id\":\"https:\\\/\\\/www.business-link.fr\\\/site\\\/gestion-fichier-clients\\\/#breadcrumb\",\"itemListElement\":[{\"@type\":\"ListItem\",\"position\":1,\"name\":\"Accueil\",\"item\":\"https:\\\/\\\/www.business-link.fr\\\/site\\\/\"},{\"@type\":\"ListItem\",\"position\":2,\"name\":\"Conf\u00e9rence Business-Link sur la bonne gestion du fichier clients\"}]},{\"@type\":\"WebSite\",\"@id\":\"https:\\\/\\\/www.business-link.fr\\\/site\\\/#website\",\"url\":\"https:\\\/\\\/www.business-link.fr\\\/site\\\/\",\"name\":\"Business Link\",\"description\":\"L&#039;expert B2B qui accompagne votre d\u00e9veloppement\",\"publisher\":{\"@id\":\"https:\\\/\\\/www.business-link.fr\\\/site\\\/#organization\"},\"potentialAction\":[{\"@type\":\"SearchAction\",\"target\":{\"@type\":\"EntryPoint\",\"urlTemplate\":\"https:\\\/\\\/www.business-link.fr\\\/site\\\/?s={search_term_string}\"},\"query-input\":{\"@type\":\"PropertyValueSpecification\",\"valueRequired\":true,\"valueName\":\"search_term_string\"}}],\"inLanguage\":\"fr-FR\"},{\"@type\":\"Organization\",\"@id\":\"https:\\\/\\\/www.business-link.fr\\\/site\\\/#organization\",\"name\":\"Business Link\",\"url\":\"https:\\\/\\\/www.business-link.fr\\\/site\\\/\",\"logo\":{\"@type\":\"ImageObject\",\"inLanguage\":\"fr-FR\",\"@id\":\"https:\\\/\\\/www.business-link.fr\\\/site\\\/#\\\/schema\\\/logo\\\/image\\\/\",\"url\":\"https:\\\/\\\/www.business-link.fr\\\/site\\\/wp-content\\\/uploads\\\/2026\\\/03\\\/BLINK-logo-vertical-bleu-copie.png\",\"contentUrl\":\"https:\\\/\\\/www.business-link.fr\\\/site\\\/wp-content\\\/uploads\\\/2026\\\/03\\\/BLINK-logo-vertical-bleu-copie.png\",\"width\":418,\"height\":196,\"caption\":\"Business Link\"},\"image\":{\"@id\":\"https:\\\/\\\/www.business-link.fr\\\/site\\\/#\\\/schema\\\/logo\\\/image\\\/\"},\"sameAs\":[\"https:\\\/\\\/www.facebook.com\\\/Business.Link.marketingB2B\\\/\",\"https:\\\/\\\/www.linkedin.com\\\/company\\\/b-link\\\/\",\"https:\\\/\\\/www.instagram.com\\\/team_business_link\",\"https:\\\/\\\/www.youtube.com\\\/channel\\\/UCLI6vEbvytIdipXj1FRdNrw\"]},{\"@type\":\"Person\",\"@id\":\"https:\\\/\\\/www.business-link.fr\\\/site\\\/#\\\/schema\\\/person\\\/350370888c383be31b312227e0e34af8\",\"name\":\"Katia Foery\",\"image\":{\"@type\":\"ImageObject\",\"inLanguage\":\"fr-FR\",\"@id\":\"https:\\\/\\\/secure.gravatar.com\\\/avatar\\\/5fd78f2a19e008c8520d18de7257a30f1072f658e2ac2fc6e4526f62eb41b7b2?s=96&d=mm&r=g\",\"url\":\"https:\\\/\\\/secure.gravatar.com\\\/avatar\\\/5fd78f2a19e008c8520d18de7257a30f1072f658e2ac2fc6e4526f62eb41b7b2?s=96&d=mm&r=g\",\"contentUrl\":\"https:\\\/\\\/secure.gravatar.com\\\/avatar\\\/5fd78f2a19e008c8520d18de7257a30f1072f658e2ac2fc6e4526f62eb41b7b2?s=96&d=mm&r=g\",\"caption\":\"Katia Foery\"},\"url\":\"https:\\\/\\\/www.business-link.fr\\\/site\\\/author\\\/katia\\\/\"}]}<\/script>\n<!-- \/ Yoast SEO plugin. -->","yoast_head_json":{"title":"Conf\u00e9rence Business-Link sur la bonne gestion du fichier clients | Business Link","description":"Business Link, en partenariat avec la MEL,\u00a0organise le 5 juillet prochain une conf\u00e9rence petit-d\u00e9jeuner sur\u00a0 \u00ab Conf\u00e9rence sur la bonne gestion du fichier","robots":{"index":"index","follow":"follow","max-snippet":"max-snippet:-1","max-image-preview":"max-image-preview:large","max-video-preview":"max-video-preview:-1"},"canonical":"https:\/\/www.business-link.fr\/site\/gestion-fichier-clients\/","og_locale":"fr_FR","og_type":"article","og_title":"Conf\u00e9rence Business-Link sur la bonne gestion du fichier clients | Business Link","og_description":"Business Link, en partenariat avec la MEL,\u00a0organise le 5 juillet prochain une conf\u00e9rence petit-d\u00e9jeuner sur\u00a0 \u00ab Conf\u00e9rence sur la bonne gestion du fichier","og_url":"https:\/\/www.business-link.fr\/site\/gestion-fichier-clients\/","og_site_name":"Business Link","article_publisher":"https:\/\/www.facebook.com\/Business.Link.marketingB2B\/","article_published_time":"2018-06-18T09:30:13+00:00","article_modified_time":"2018-06-18T09:31:09+00:00","og_image":[{"width":300,"height":225,"url":"https:\/\/www.business-link.fr\/site\/wp-content\/uploads\/2017\/11\/actu-conf-blink.png","type":"image\/png"}],"author":"Katia Foery","twitter_misc":{"\u00c9crit par":"Katia Foery","Dur\u00e9e de lecture estim\u00e9e":"1 minute"},"schema":{"@context":"https:\/\/schema.org","@graph":[{"@type":"Article","@id":"https:\/\/www.business-link.fr\/site\/gestion-fichier-clients\/#article","isPartOf":{"@id":"https:\/\/www.business-link.fr\/site\/gestion-fichier-clients\/"},"author":{"name":"Katia Foery","@id":"https:\/\/www.business-link.fr\/site\/#\/schema\/person\/350370888c383be31b312227e0e34af8"},"headline":"Conf\u00e9rence Business-Link sur la bonne gestion du fichier clients","datePublished":"2018-06-18T09:30:13+00:00","dateModified":"2018-06-18T09:31:09+00:00","mainEntityOfPage":{"@id":"https:\/\/www.business-link.fr\/site\/gestion-fichier-clients\/"},"wordCount":126,"commentCount":0,"publisher":{"@id":"https:\/\/www.business-link.fr\/site\/#organization"},"image":{"@id":"https:\/\/www.business-link.fr\/site\/gestion-fichier-clients\/#primaryimage"},"thumbnailUrl":"https:\/\/www.business-link.fr\/site\/wp-content\/uploads\/2017\/11\/actu-conf-blink.png","articleSection":["Actualit\u00e9s"],"inLanguage":"fr-FR","potentialAction":[{"@type":"CommentAction","name":"Comment","target":["https:\/\/www.business-link.fr\/site\/gestion-fichier-clients\/#respond"]}]},{"@type":"WebPage","@id":"https:\/\/www.business-link.fr\/site\/gestion-fichier-clients\/","url":"https:\/\/www.business-link.fr\/site\/gestion-fichier-clients\/","name":"Conf\u00e9rence Business-Link sur la bonne gestion du fichier clients | Business Link","isPartOf":{"@id":"https:\/\/www.business-link.fr\/site\/#website"},"primaryImageOfPage":{"@id":"https:\/\/www.business-link.fr\/site\/gestion-fichier-clients\/#primaryimage"},"image":{"@id":"https:\/\/www.business-link.fr\/site\/gestion-fichier-clients\/#primaryimage"},"thumbnailUrl":"https:\/\/www.business-link.fr\/site\/wp-content\/uploads\/2017\/11\/actu-conf-blink.png","datePublished":"2018-06-18T09:30:13+00:00","dateModified":"2018-06-18T09:31:09+00:00","description":"Business Link, en partenariat avec la MEL,\u00a0organise le 5 juillet prochain une conf\u00e9rence petit-d\u00e9jeuner sur\u00a0 \u00ab Conf\u00e9rence sur la bonne gestion du fichier","breadcrumb":{"@id":"https:\/\/www.business-link.fr\/site\/gestion-fichier-clients\/#breadcrumb"},"inLanguage":"fr-FR","potentialAction":[{"@type":"ReadAction","target":["https:\/\/www.business-link.fr\/site\/gestion-fichier-clients\/"]}]},{"@type":"ImageObject","inLanguage":"fr-FR","@id":"https:\/\/www.business-link.fr\/site\/gestion-fichier-clients\/#primaryimage","url":"https:\/\/www.business-link.fr\/site\/wp-content\/uploads\/2017\/11\/actu-conf-blink.png","contentUrl":"https:\/\/www.business-link.fr\/site\/wp-content\/uploads\/2017\/11\/actu-conf-blink.png","width":300,"height":225},{"@type":"BreadcrumbList","@id":"https:\/\/www.business-link.fr\/site\/gestion-fichier-clients\/#breadcrumb","itemListElement":[{"@type":"ListItem","position":1,"name":"Accueil","item":"https:\/\/www.business-link.fr\/site\/"},{"@type":"ListItem","position":2,"name":"Conf\u00e9rence Business-Link sur la bonne gestion du fichier clients"}]},{"@type":"WebSite","@id":"https:\/\/www.business-link.fr\/site\/#website","url":"https:\/\/www.business-link.fr\/site\/","name":"Business Link","description":"L&#039;expert B2B qui accompagne votre d\u00e9veloppement","publisher":{"@id":"https:\/\/www.business-link.fr\/site\/#organization"},"potentialAction":[{"@type":"SearchAction","target":{"@type":"EntryPoint","urlTemplate":"https:\/\/www.business-link.fr\/site\/?s={search_term_string}"},"query-input":{"@type":"PropertyValueSpecification","valueRequired":true,"valueName":"search_term_string"}}],"inLanguage":"fr-FR"},{"@type":"Organization","@id":"https:\/\/www.business-link.fr\/site\/#organization","name":"Business Link","url":"https:\/\/www.business-link.fr\/site\/","logo":{"@type":"ImageObject","inLanguage":"fr-FR","@id":"https:\/\/www.business-link.fr\/site\/#\/schema\/logo\/image\/","url":"https:\/\/www.business-link.fr\/site\/wp-content\/uploads\/2026\/03\/BLINK-logo-vertical-bleu-copie.png","contentUrl":"https:\/\/www.business-link.fr\/site\/wp-content\/uploads\/2026\/03\/BLINK-logo-vertical-bleu-copie.png","width":418,"height":196,"caption":"Business Link"},"image":{"@id":"https:\/\/www.business-link.fr\/site\/#\/schema\/logo\/image\/"},"sameAs":["https:\/\/www.facebook.com\/Business.Link.marketingB2B\/","https:\/\/www.linkedin.com\/company\/b-link\/","https:\/\/www.instagram.com\/team_business_link","https:\/\/www.youtube.com\/channel\/UCLI6vEbvytIdipXj1FRdNrw"]},{"@type":"Person","@id":"https:\/\/www.business-link.fr\/site\/#\/schema\/person\/350370888c383be31b312227e0e34af8","name":"Katia Foery","image":{"@type":"ImageObject","inLanguage":"fr-FR","@id":"https:\/\/secure.gravatar.com\/avatar\/5fd78f2a19e008c8520d18de7257a30f1072f658e2ac2fc6e4526f62eb41b7b2?s=96&d=mm&r=g","url":"https:\/\/secure.gravatar.com\/avatar\/5fd78f2a19e008c8520d18de7257a30f1072f658e2ac2fc6e4526f62eb41b7b2?s=96&d=mm&r=g","contentUrl":"https:\/\/secure.gravatar.com\/avatar\/5fd78f2a19e008c8520d18de7257a30f1072f658e2ac2fc6e4526f62eb41b7b2?s=96&d=mm&r=g","caption":"Katia Foery"},"url":"https:\/\/www.business-link.fr\/site\/author\/katia\/"}]}},"_links":{"self":[{"href":"https:\/\/www.business-link.fr\/site\/wp-json\/wp\/v2\/posts\/4258","targetHints":{"allow":["GET"]}}],"collection":[{"href":"https:\/\/www.business-link.fr\/site\/wp-json\/wp\/v2\/posts"}],"about":[{"href":"https:\/\/www.business-link.fr\/site\/wp-json\/wp\/v2\/types\/post"}],"author":[{"embeddable":true,"href":"https:\/\/www.business-link.fr\/site\/wp-json\/wp\/v2\/users\/2"}],"replies":[{"embeddable":true,"href":"https:\/\/www.business-link.fr\/site\/wp-json\/wp\/v2\/comments?post=4258"}],"version-history":[{"count":3,"href":"https:\/\/www.business-link.fr\/site\/wp-json\/wp\/v2\/posts\/4258\/revisions"}],"predecessor-version":[{"id":4261,"href":"https:\/\/www.business-link.fr\/site\/wp-json\/wp\/v2\/posts\/4258\/revisions\/4261"}],"wp:featuredmedia":[{"embeddable":true,"href":"https:\/\/www.business-link.fr\/site\/wp-json\/wp\/v2\/media\/4191"}],"wp:attachment":[{"href":"https:\/\/www.business-link.fr\/site\/wp-json\/wp\/v2\/media?parent=4258"}],"wp:term":[{"taxonomy":"category","embeddable":true,"href":"https:\/\/www.business-link.fr\/site\/wp-json\/wp\/v2\/categories?post=4258"},{"taxonomy":"post_tag","embeddable":true,"href":"https:\/\/www.business-link.fr\/site\/wp-json\/wp\/v2\/tags?post=4258"}],"curies":[{"name":"wp","href":"https:\/\/api.w.org\/{rel}","templated":true}]}}